{"id":3103,"date":"2024-01-09T16:27:33","date_gmt":"2024-01-09T16:27:33","guid":{"rendered":"https:\/\/schwitzke.com\/?p=3103"},"modified":"2024-08-05T12:01:48","modified_gmt":"2024-08-05T12:01:48","slug":"losteria-frankfurt","status":"publish","type":"post","link":"https:\/\/schwitzke.com\/en\/losteria-frankfurt\/","title":{"rendered":"L\u00b4Osteria Frankfurt"},"content":{"rendered":"<p>[et_pb_section fb_built=&#8221;1&#8243; _builder_version=&#8221;4.19.4&#8243; _module_preset=&#8221;default&#8221; global_colors_info=&#8221;{}&#8221; theme_builder_area=&#8221;post_content&#8221;][et_pb_row _builder_version=&#8221;4.19.4&#8243; _module_preset=&#8221;default&#8221; global_colors_info=&#8221;{}&#8221; theme_builder_area=&#8221;post_content&#8221;][et_pb_column type=&#8221;4_4&#8243; _builder_version=&#8221;4.19.4&#8243; _module_preset=&#8221;default&#8221; global_colors_info=&#8221;{}&#8221; theme_builder_area=&#8221;post_content&#8221;][sc_header_image image=&#8221;https:\/\/schwitzke.com\/wp-content\/uploads\/2024\/01\/lo_restaurantfotos_ffm_myzeil&#8211;scaled.jpg&#8221; offset_bottom=&#8221;sm&#8221; _builder_version=&#8221;4.27.0&#8243; _module_preset=&#8221;default&#8221; global_colors_info=&#8221;{}&#8221; theme_builder_area=&#8221;post_content&#8221; alt=&#8221;zeigt Restauranttheke opulent gem\u00fctlich dunkles Holz&#8221; title_text=&#8221;lo_restaurantfotos_ffm_myzeil-&#8221; hover_enabled=&#8221;0&#8243; sticky_enabled=&#8221;0&#8243;][\/sc_header_image][sc_headline variant=&#8221;large_with_date&#8221; headline=&#8221;L\u00b4Osteria Frankfurt My Zeil &#8211; Complete fit-out &#8221; offset_top=&#8221;xs&#8221; offset_bottom=&#8221;sm&#8221; _builder_version=&#8221;4.27.0&#8243; _module_preset=&#8221;default&#8221; hover_enabled=&#8221;0&#8243; global_colors_info=&#8221;{}&#8221; theme_builder_area=&#8221;post_content&#8221; sticky_enabled=&#8221;0&#8243;][\/sc_headline][sc_headline variant=&#8221;subheadline&#8221; headline=&#8221;Frankfurt, January 2024&#8243; offset_bottom=&#8221;sm&#8221; _builder_version=&#8221;4.27.0&#8243; _module_preset=&#8221;default&#8221; global_colors_info=&#8221;{}&#8221; theme_builder_area=&#8221;post_content&#8221; hover_enabled=&#8221;0&#8243; sticky_enabled=&#8221;0&#8243;][\/sc_headline][sc_text variant=&#8221;text_and_image&#8221; image=&#8221;https:\/\/schwitzke.com\/wp-content\/uploads\/2024\/01\/lo_restaurantfotos_ffm_myzeil-26-scaled.jpg&#8221; _builder_version=&#8221;4.27.0&#8243; _module_preset=&#8221;default&#8221; hover_enabled=&#8221;0&#8243; global_colors_info=&#8221;{}&#8221; theme_builder_area=&#8221;post_content&#8221; sticky_enabled=&#8221;0&#8243; alt=&#8221;L`Osteria MyZeil Frankfurt gem\u00fctliche Atmosph\u00e4re, sch\u00f6ne Kronleuchter&#8221; title_text=&#8221;lo_restaurantfotos_ffm_myzeil&#8211;26&#8243;]<\/p>\n<p>L\u2019Osteria, known since 1999 as the &#8220;friendly Italian next door&#8221; in Nuremberg and now an established restaurant brand with almost 170 locations across Europe, has entrusted us with the complete fit-out of their new restaurant in the MyZeil shopping center in Frankfurt. Our team at Schwitzke Project, having successfully completed locations in Stuttgart and Lyon, managed to finish this project within just 12 weeks. <\/p>\n<p>Our range of services for the 700 square meters area included the takeover and adaptation of the existing ventilation, air conditioning and cold storage systems. The structure of the ancillary rooms, including staff rooms, offices and storage rooms, was also designed according to the customer&#8217;s specific requirements. The interior design was carried out by Dippold Innenarchitektur GmbH. In particular, the elegant herringbone oak parquet flooring with a surrounding frieze gives the restaurant a unique ambience.   <\/p>\n<p>At the request of the customer and thanks to the dedicated efforts of our team, who were able to complete the final work parallel to the furniture assembly, we were able to bring forward the opening by two weeks.<\/p>\n<p><strong>General contractor: <\/strong>Schwitzke Project<br \/><strong>Size:<\/strong><span> 700qm<\/span><br \/><strong>Service:<\/strong><span> Complete fit-out<\/span><br \/><strong>Pictures:<\/strong> L\u00b4Osteria<\/p>\n<p>[\/sc_text][sc_media_slider_parent offset_bottom=&#8221;md&#8221; _builder_version=&#8221;4.27.0&#8243; _module_preset=&#8221;default&#8221; global_colors_info=&#8221;{}&#8221; theme_builder_area=&#8221;post_content&#8221; hover_enabled=&#8221;0&#8243; sticky_enabled=&#8221;0&#8243;][sc_media_slider_child label=&#8221;picture 1&#8243; image=&#8221;https:\/\/schwitzke.com\/wp-content\/uploads\/2024\/01\/lo_restaurantfotos_ffm_myzeil-5-scaled.jpg&#8221; caption=&#8221;&lt;p&gt;&lt;strong&gt;L\u00b4Osteria MyZeil&lt;\/strong&gt;&lt;br&gt;Frankfurt&lt;\/p&gt;&#8221; _builder_version=&#8221;4.27.0&#8243; _module_preset=&#8221;default&#8221; global_colors_info=&#8221;{}&#8221; theme_builder_area=&#8221;post_content&#8221; alt=&#8221;Restaurat L`Osteria harmonische Atmosph\u00e4re, sch\u00f6ne Tapeten, gem\u00fctlich Sitzgruppe&#8221; title_text=&#8221;lo_restaurantfotos_ffm_myzeil&#8211;5&#8243; hover_enabled=&#8221;0&#8243; sticky_enabled=&#8221;0&#8243;][\/sc_media_slider_child][sc_media_slider_child label=&#8221;picture 2&#8243; image=&#8221;https:\/\/schwitzke.com\/wp-content\/uploads\/2024\/01\/lo_restaurantfotos_ffm_myzeil-18-scaled.jpg&#8221; caption=&#8221;&lt;p&gt;&lt;strong&gt;L\u00b4Osteria MyZeil&lt;\/strong&gt;&lt;br&gt;Frankfurt&lt;\/p&gt;&#8221; _builder_version=&#8221;4.27.0&#8243; _module_preset=&#8221;default&#8221; global_colors_info=&#8221;{}&#8221; theme_builder_area=&#8221;post_content&#8221; alt=&#8221;Restaurant L\u00b4Osteria, gem\u00fctliche Atmosph\u00e4re, viel Holz&#8221; title_text=&#8221;lo_restaurantfotos_ffm_myzeil&#8211;18&#8243; hover_enabled=&#8221;0&#8243; sticky_enabled=&#8221;0&#8243;][\/sc_media_slider_child][sc_media_slider_child label=&#8221;picture 3&#8243; image=&#8221;https:\/\/schwitzke.com\/wp-content\/uploads\/2024\/01\/lo_restaurantfotos_ffm_myzeil-20-scaled.jpg&#8221; caption=&#8221;&lt;p&gt;&lt;strong&gt;L\u00b4Osteria MyZeil&lt;\/strong&gt;&lt;br&gt;Frankfurt&lt;\/p&gt;&#8221; _builder_version=&#8221;4.27.0&#8243; _module_preset=&#8221;default&#8221; global_colors_info=&#8221;{}&#8221; theme_builder_area=&#8221;post_content&#8221; title_text=&#8221;lo_restaurantfotos_ffm_myzeil&#8211;20&#8243; hover_enabled=&#8221;0&#8243; sticky_enabled=&#8221;0&#8243;][\/sc_media_slider_child][\/sc_media_slider_parent][\/et_pb_column][\/et_pb_row][\/et_pb_section]<\/p>\n","protected":false},"excerpt":{"rendered":"<p><div class=\"et_pb_module sc_header_image sc_header_image_0\">\n\t\t\t\t\n\t\t\t\t\n\t\t\t\t\n\t\t\t\t\n\t\t\t\t\n\t\t\t\t\n\t\t\t\t<div class=\"et_pb_module_inner\">\n\t\t\t\t\t\n\t\t\t<div class=\"module module--fullwidth offset-top--no offset-bottom--sm\" data-aos=\"fade-in\">\n\t\t\t\t<div class=\"sc-header-image\">\n\t\t\t\t\t<div class=\"image\">\n\t\t\t\t\t\t<img width=\"2560\" height=\"1709\" src=\"https:\/\/schwitzke.com\/wp-content\/uploads\/2024\/01\/lo_restaurantfotos_ffm_myzeil--2560x1709.jpg\" class=\"attachment-xxl size-xxl\" alt=\"zeigt Restauranttheke opulent gem\u00fctlich dunkles Holz\" srcset=\"https:\/\/schwitzke.com\/wp-content\/uploads\/2024\/01\/lo_restaurantfotos_ffm_myzeil--2560x1709.jpg 2560w, https:\/\/schwitzke.com\/wp-content\/uploads\/2024\/01\/lo_restaurantfotos_ffm_myzeil--1920x1282.jpg 1920w, https:\/\/schwitzke.com\/wp-content\/uploads\/2024\/01\/lo_restaurantfotos_ffm_myzeil--1200x801.jpg 1200w, https:\/\/schwitzke.com\/wp-content\/uploads\/2024\/01\/lo_restaurantfotos_ffm_myzeil--900x601.jpg 900w, https:\/\/schwitzke.com\/wp-content\/uploads\/2024\/01\/lo_restaurantfotos_ffm_myzeil--600x401.jpg 600w, https:\/\/schwitzke.com\/wp-content\/uploads\/2024\/01\/lo_restaurantfotos_ffm_myzeil--400x267.jpg 400w\" sizes=\"(max-width: 2560px) 100vw, 2560px\" decoding=\"async\" loading=\"lazy\" \/>\n\t\t\t\t\t\t\n\t\t\t\t\t<\/div>\n\t\t\t\t\t\n\t\t\t\t<\/div>\n\t\t\t<\/div>\n\t\t\t\t<\/div>\n\t\t\t<\/div><div class=\"et_pb_module sc_headline sc_headline_0\">\n\t\t\t\t\n\t\t\t\t\n\t\t\t\t\n\t\t\t\t\n\t\t\t\t\n\t\t\t\t\n\t\t\t\t<div class=\"et_pb_module_inner\">\n\t\t\t\t\t\n\t\t\t<div class=\"module module--boxed offset-top--xs offset-bottom--sm\" data-aos=\"fade-in\">\n\t\t\t\t<div class=\"sc-headline sc-headline--large_with_date\">\n\t\t\t\t\t\n\t\t\t\t\t<div class=\"headline__date\"><\/div>\n\t\t\t\t\t<h1 class=\"headline\">L\u00b4Osteria Frankfurt My Zeil - Complete fit-out <\/h1>\n\t\t\t\t<\/div> \n\t\t\t<\/div>\n\t\t\t\t<\/div>\n\t\t\t<\/div><div class=\"et_pb_module sc_headline sc_headline_1\">\n\t\t\t\t\n\t\t\t\t\n\t\t\t\t\n\t\t\t\t\n\t\t\t\t\n\t\t\t\t\n\t\t\t\t<div class=\"et_pb_module_inner\">\n\t\t\t\t\t\n\t\t\t<div class=\"module module--boxed offset-top--no offset-bottom--sm\" data-aos=\"fade-in\">\n\t\t\t\t<div class=\"sc-headline sc-headline--subheadline\">\n\t\t\t\t\t<h3 class=\"headline\">Frankfurt, January 2024<\/h3>\n\t\t\t\t<\/div> \n\t\t\t<\/div>\n\t\t\t\t<\/div>\n\t\t\t<\/div><div class=\"et_pb_module sc_text sc_text_0\">\n\t\t\t\t\n\t\t\t\t\n\t\t\t\t\n\t\t\t\t\n\t\t\t\t\n\t\t\t\t\n\t\t\t\t<div class=\"et_pb_module_inner\">\n\t\t\t\t\t\n\t\t\t<div class=\"module module--boxed offset-top--no offset-bottom--lg\" data-aos=\"fade-in\">\n\t\t\t\t<div class=\"sc-text sc-text--&#8221;text_and_image&#8221;\">\n\t\t\t\t\t<div class=\"module__content\"><\/div>\n\t\t\t\t<\/div>\n\t\t\t<\/div>\n\t\t\t\t<\/div>\n\t\t\t<\/div><\/p>\n","protected":false},"author":10,"featured_media":3086,"comment_status":"closed","ping_status":"closed","sticky":false,"template":"","format":"standard","meta":{"_et_pb_use_builder":"on","_et_pb_old_content":"","_et_gb_content_width":"","footnotes":""},"categories":[49],"tags":[],"class_list":["post-3103","post","type-post","status-publish","format-standard","has-post-thumbnail","hentry","category-gastronomie-en"],"yoast_head":"<!-- This site is optimized with the Yoast SEO plugin v27.5 - https:\/\/yoast.com\/product\/yoast-seo-wordpress\/ -->\n<title>L\u00b4Osteria Frankfurt - Architekten, Designer und Generalunternehmer | Schwitzke<\/title>\n<meta name=\"description\" content=\"The 700 square meter L&#039;Osteria area in the MyZeil shopping center was built by Schwitzke Project in just 12 weeks.\" \/>\n<meta name=\"robots\" content=\"index, follow, max-snippet:-1, max-image-preview:large, max-video-preview:-1\" \/>\n<link rel=\"canonical\" href=\"https:\/\/schwitzke.com\/en\/losteria-frankfurt\/\" \/>\n<meta property=\"og:locale\" content=\"en_US\" \/>\n<meta property=\"og:type\" content=\"article\" \/>\n<meta property=\"og:title\" content=\"L\u00b4Osteria Frankfurt - Architekten, Designer und Generalunternehmer | Schwitzke\" \/>\n<meta property=\"og:description\" content=\"The 700 square meter L&#039;Osteria area in the MyZeil shopping center was built by Schwitzke Project in just 12 weeks.\" \/>\n<meta property=\"og:url\" content=\"https:\/\/schwitzke.com\/en\/losteria-frankfurt\/\" \/>\n<meta property=\"og:site_name\" content=\"Architekten, Designer und Generalunternehmer | Schwitzke\" \/>\n<meta property=\"article:published_time\" content=\"2024-01-09T16:27:33+00:00\" \/>\n<meta property=\"article:modified_time\" content=\"2024-08-05T12:01:48+00:00\" \/>\n<meta property=\"og:image\" content=\"https:\/\/schwitzke.com\/wp-content\/uploads\/2024\/01\/lo_restaurantfotos_ffm_myzeil--scaled.jpg\" \/>\n\t<meta property=\"og:image:width\" content=\"2560\" \/>\n\t<meta property=\"og:image:height\" content=\"1709\" \/>\n\t<meta property=\"og:image:type\" content=\"image\/jpeg\" \/>\n<meta name=\"author\" content=\"astridkaps\" \/>\n<meta name=\"twitter:card\" content=\"summary_large_image\" \/>\n<meta name=\"twitter:label1\" content=\"Written by\" \/>\n\t<meta name=\"twitter:data1\" content=\"astridkaps\" \/>\n\t<meta name=\"twitter:label2\" content=\"Est. reading time\" \/>\n\t<meta name=\"twitter:data2\" content=\"3 minutes\" \/>\n<script type=\"application\/ld+json\" class=\"yoast-schema-graph\">{\"@context\":\"https:\\\/\\\/schema.org\",\"@graph\":[{\"@type\":\"Article\",\"@id\":\"https:\\\/\\\/schwitzke.com\\\/en\\\/losteria-frankfurt\\\/#article\",\"isPartOf\":{\"@id\":\"https:\\\/\\\/schwitzke.com\\\/en\\\/losteria-frankfurt\\\/\"},\"author\":{\"name\":\"astridkaps\",\"@id\":\"https:\\\/\\\/schwitzke.com\\\/en\\\/#\\\/schema\\\/person\\\/7a2402ce884d83553b9ef8a7eea72780\"},\"headline\":\"L\u00b4Osteria Frankfurt\",\"datePublished\":\"2024-01-09T16:27:33+00:00\",\"dateModified\":\"2024-08-05T12:01:48+00:00\",\"mainEntityOfPage\":{\"@id\":\"https:\\\/\\\/schwitzke.com\\\/en\\\/losteria-frankfurt\\\/\"},\"wordCount\":672,\"image\":{\"@id\":\"https:\\\/\\\/schwitzke.com\\\/en\\\/losteria-frankfurt\\\/#primaryimage\"},\"thumbnailUrl\":\"https:\\\/\\\/schwitzke.com\\\/wp-content\\\/uploads\\\/2024\\\/01\\\/lo_restaurantfotos_ffm_myzeil--scaled.jpg\",\"articleSection\":[\"Gastronomie\"],\"inLanguage\":\"en-US\"},{\"@type\":\"WebPage\",\"@id\":\"https:\\\/\\\/schwitzke.com\\\/en\\\/losteria-frankfurt\\\/\",\"url\":\"https:\\\/\\\/schwitzke.com\\\/en\\\/losteria-frankfurt\\\/\",\"name\":\"L\u00b4Osteria Frankfurt - Architekten, Designer und Generalunternehmer | Schwitzke\",\"isPartOf\":{\"@id\":\"https:\\\/\\\/schwitzke.com\\\/en\\\/#website\"},\"primaryImageOfPage\":{\"@id\":\"https:\\\/\\\/schwitzke.com\\\/en\\\/losteria-frankfurt\\\/#primaryimage\"},\"image\":{\"@id\":\"https:\\\/\\\/schwitzke.com\\\/en\\\/losteria-frankfurt\\\/#primaryimage\"},\"thumbnailUrl\":\"https:\\\/\\\/schwitzke.com\\\/wp-content\\\/uploads\\\/2024\\\/01\\\/lo_restaurantfotos_ffm_myzeil--scaled.jpg\",\"datePublished\":\"2024-01-09T16:27:33+00:00\",\"dateModified\":\"2024-08-05T12:01:48+00:00\",\"author\":{\"@id\":\"https:\\\/\\\/schwitzke.com\\\/en\\\/#\\\/schema\\\/person\\\/7a2402ce884d83553b9ef8a7eea72780\"},\"description\":\"The 700 square meter L'Osteria area in the MyZeil shopping center was built by Schwitzke Project in just 12 weeks.\",\"breadcrumb\":{\"@id\":\"https:\\\/\\\/schwitzke.com\\\/en\\\/losteria-frankfurt\\\/#breadcrumb\"},\"inLanguage\":\"en-US\",\"potentialAction\":[{\"@type\":\"ReadAction\",\"target\":[\"https:\\\/\\\/schwitzke.com\\\/en\\\/losteria-frankfurt\\\/\"]}]},{\"@type\":\"ImageObject\",\"inLanguage\":\"en-US\",\"@id\":\"https:\\\/\\\/schwitzke.com\\\/en\\\/losteria-frankfurt\\\/#primaryimage\",\"url\":\"https:\\\/\\\/schwitzke.com\\\/wp-content\\\/uploads\\\/2024\\\/01\\\/lo_restaurantfotos_ffm_myzeil--scaled.jpg\",\"contentUrl\":\"https:\\\/\\\/schwitzke.com\\\/wp-content\\\/uploads\\\/2024\\\/01\\\/lo_restaurantfotos_ffm_myzeil--scaled.jpg\",\"width\":2560,\"height\":1709,\"caption\":\"L\u00b4Osteria Frankfurt, Theke\"},{\"@type\":\"BreadcrumbList\",\"@id\":\"https:\\\/\\\/schwitzke.com\\\/en\\\/losteria-frankfurt\\\/#breadcrumb\",\"itemListElement\":[{\"@type\":\"ListItem\",\"position\":1,\"name\":\"Startseite\",\"item\":\"https:\\\/\\\/schwitzke.com\\\/en\\\/\"},{\"@type\":\"ListItem\",\"position\":2,\"name\":\"L\u00b4Osteria Frankfurt\"}]},{\"@type\":\"WebSite\",\"@id\":\"https:\\\/\\\/schwitzke.com\\\/en\\\/#website\",\"url\":\"https:\\\/\\\/schwitzke.com\\\/en\\\/\",\"name\":\"Architekten, Designer und Generalunternehmer | Schwitzke\",\"description\":\"\",\"potentialAction\":[{\"@type\":\"SearchAction\",\"target\":{\"@type\":\"EntryPoint\",\"urlTemplate\":\"https:\\\/\\\/schwitzke.com\\\/en\\\/?s={search_term_string}\"},\"query-input\":{\"@type\":\"PropertyValueSpecification\",\"valueRequired\":true,\"valueName\":\"search_term_string\"}}],\"inLanguage\":\"en-US\"},{\"@type\":\"Person\",\"@id\":\"https:\\\/\\\/schwitzke.com\\\/en\\\/#\\\/schema\\\/person\\\/7a2402ce884d83553b9ef8a7eea72780\",\"name\":\"astridkaps\",\"image\":{\"@type\":\"ImageObject\",\"inLanguage\":\"en-US\",\"@id\":\"https:\\\/\\\/secure.gravatar.com\\\/avatar\\\/ac720761211ffa0cf701c0019dbe216c7dde9b5e40b1d18b6774721af38720c0?s=96&d=mm&r=g\",\"url\":\"https:\\\/\\\/secure.gravatar.com\\\/avatar\\\/ac720761211ffa0cf701c0019dbe216c7dde9b5e40b1d18b6774721af38720c0?s=96&d=mm&r=g\",\"contentUrl\":\"https:\\\/\\\/secure.gravatar.com\\\/avatar\\\/ac720761211ffa0cf701c0019dbe216c7dde9b5e40b1d18b6774721af38720c0?s=96&d=mm&r=g\",\"caption\":\"astridkaps\"}}]}<\/script>\n<!-- \/ Yoast SEO plugin. -->","yoast_head_json":{"title":"L\u00b4Osteria Frankfurt - Architekten, Designer und Generalunternehmer | Schwitzke","description":"The 700 square meter L'Osteria area in the MyZeil shopping center was built by Schwitzke Project in just 12 weeks.","robots":{"index":"index","follow":"follow","max-snippet":"max-snippet:-1","max-image-preview":"max-image-preview:large","max-video-preview":"max-video-preview:-1"},"canonical":"https:\/\/schwitzke.com\/en\/losteria-frankfurt\/","og_locale":"en_US","og_type":"article","og_title":"L\u00b4Osteria Frankfurt - Architekten, Designer und Generalunternehmer | Schwitzke","og_description":"The 700 square meter L'Osteria area in the MyZeil shopping center was built by Schwitzke Project in just 12 weeks.","og_url":"https:\/\/schwitzke.com\/en\/losteria-frankfurt\/","og_site_name":"Architekten, Designer und Generalunternehmer | Schwitzke","article_published_time":"2024-01-09T16:27:33+00:00","article_modified_time":"2024-08-05T12:01:48+00:00","og_image":[{"width":2560,"height":1709,"url":"https:\/\/schwitzke.com\/wp-content\/uploads\/2024\/01\/lo_restaurantfotos_ffm_myzeil--scaled.jpg","type":"image\/jpeg"}],"author":"astridkaps","twitter_card":"summary_large_image","twitter_misc":{"Written by":"astridkaps","Est. reading time":"3 minutes"},"schema":{"@context":"https:\/\/schema.org","@graph":[{"@type":"Article","@id":"https:\/\/schwitzke.com\/en\/losteria-frankfurt\/#article","isPartOf":{"@id":"https:\/\/schwitzke.com\/en\/losteria-frankfurt\/"},"author":{"name":"astridkaps","@id":"https:\/\/schwitzke.com\/en\/#\/schema\/person\/7a2402ce884d83553b9ef8a7eea72780"},"headline":"L\u00b4Osteria Frankfurt","datePublished":"2024-01-09T16:27:33+00:00","dateModified":"2024-08-05T12:01:48+00:00","mainEntityOfPage":{"@id":"https:\/\/schwitzke.com\/en\/losteria-frankfurt\/"},"wordCount":672,"image":{"@id":"https:\/\/schwitzke.com\/en\/losteria-frankfurt\/#primaryimage"},"thumbnailUrl":"https:\/\/schwitzke.com\/wp-content\/uploads\/2024\/01\/lo_restaurantfotos_ffm_myzeil--scaled.jpg","articleSection":["Gastronomie"],"inLanguage":"en-US"},{"@type":"WebPage","@id":"https:\/\/schwitzke.com\/en\/losteria-frankfurt\/","url":"https:\/\/schwitzke.com\/en\/losteria-frankfurt\/","name":"L\u00b4Osteria Frankfurt - Architekten, Designer und Generalunternehmer | Schwitzke","isPartOf":{"@id":"https:\/\/schwitzke.com\/en\/#website"},"primaryImageOfPage":{"@id":"https:\/\/schwitzke.com\/en\/losteria-frankfurt\/#primaryimage"},"image":{"@id":"https:\/\/schwitzke.com\/en\/losteria-frankfurt\/#primaryimage"},"thumbnailUrl":"https:\/\/schwitzke.com\/wp-content\/uploads\/2024\/01\/lo_restaurantfotos_ffm_myzeil--scaled.jpg","datePublished":"2024-01-09T16:27:33+00:00","dateModified":"2024-08-05T12:01:48+00:00","author":{"@id":"https:\/\/schwitzke.com\/en\/#\/schema\/person\/7a2402ce884d83553b9ef8a7eea72780"},"description":"The 700 square meter L'Osteria area in the MyZeil shopping center was built by Schwitzke Project in just 12 weeks.","breadcrumb":{"@id":"https:\/\/schwitzke.com\/en\/losteria-frankfurt\/#breadcrumb"},"inLanguage":"en-US","potentialAction":[{"@type":"ReadAction","target":["https:\/\/schwitzke.com\/en\/losteria-frankfurt\/"]}]},{"@type":"ImageObject","inLanguage":"en-US","@id":"https:\/\/schwitzke.com\/en\/losteria-frankfurt\/#primaryimage","url":"https:\/\/schwitzke.com\/wp-content\/uploads\/2024\/01\/lo_restaurantfotos_ffm_myzeil--scaled.jpg","contentUrl":"https:\/\/schwitzke.com\/wp-content\/uploads\/2024\/01\/lo_restaurantfotos_ffm_myzeil--scaled.jpg","width":2560,"height":1709,"caption":"L\u00b4Osteria Frankfurt, Theke"},{"@type":"BreadcrumbList","@id":"https:\/\/schwitzke.com\/en\/losteria-frankfurt\/#breadcrumb","itemListElement":[{"@type":"ListItem","position":1,"name":"Startseite","item":"https:\/\/schwitzke.com\/en\/"},{"@type":"ListItem","position":2,"name":"L\u00b4Osteria Frankfurt"}]},{"@type":"WebSite","@id":"https:\/\/schwitzke.com\/en\/#website","url":"https:\/\/schwitzke.com\/en\/","name":"Architekten, Designer und Generalunternehmer | Schwitzke","description":"","potentialAction":[{"@type":"SearchAction","target":{"@type":"EntryPoint","urlTemplate":"https:\/\/schwitzke.com\/en\/?s={search_term_string}"},"query-input":{"@type":"PropertyValueSpecification","valueRequired":true,"valueName":"search_term_string"}}],"inLanguage":"en-US"},{"@type":"Person","@id":"https:\/\/schwitzke.com\/en\/#\/schema\/person\/7a2402ce884d83553b9ef8a7eea72780","name":"astridkaps","image":{"@type":"ImageObject","inLanguage":"en-US","@id":"https:\/\/secure.gravatar.com\/avatar\/ac720761211ffa0cf701c0019dbe216c7dde9b5e40b1d18b6774721af38720c0?s=96&d=mm&r=g","url":"https:\/\/secure.gravatar.com\/avatar\/ac720761211ffa0cf701c0019dbe216c7dde9b5e40b1d18b6774721af38720c0?s=96&d=mm&r=g","contentUrl":"https:\/\/secure.gravatar.com\/avatar\/ac720761211ffa0cf701c0019dbe216c7dde9b5e40b1d18b6774721af38720c0?s=96&d=mm&r=g","caption":"astridkaps"}}]}},"_links":{"self":[{"href":"https:\/\/schwitzke.com\/en\/wp-json\/wp\/v2\/posts\/3103","targetHints":{"allow":["GET"]}}],"collection":[{"href":"https:\/\/schwitzke.com\/en\/wp-json\/wp\/v2\/posts"}],"about":[{"href":"https:\/\/schwitzke.com\/en\/wp-json\/wp\/v2\/types\/post"}],"author":[{"embeddable":true,"href":"https:\/\/schwitzke.com\/en\/wp-json\/wp\/v2\/users\/10"}],"replies":[{"embeddable":true,"href":"https:\/\/schwitzke.com\/en\/wp-json\/wp\/v2\/comments?post=3103"}],"version-history":[{"count":21,"href":"https:\/\/schwitzke.com\/en\/wp-json\/wp\/v2\/posts\/3103\/revisions"}],"predecessor-version":[{"id":3359,"href":"https:\/\/schwitzke.com\/en\/wp-json\/wp\/v2\/posts\/3103\/revisions\/3359"}],"wp:featuredmedia":[{"embeddable":true,"href":"https:\/\/schwitzke.com\/en\/wp-json\/wp\/v2\/media\/3086"}],"wp:attachment":[{"href":"https:\/\/schwitzke.com\/en\/wp-json\/wp\/v2\/media?parent=3103"}],"wp:term":[{"taxonomy":"category","embeddable":true,"href":"https:\/\/schwitzke.com\/en\/wp-json\/wp\/v2\/categories?post=3103"},{"taxonomy":"post_tag","embeddable":true,"href":"https:\/\/schwitzke.com\/en\/wp-json\/wp\/v2\/tags?post=3103"}],"curies":[{"name":"wp","href":"https:\/\/api.w.org\/{rel}","templated":true}]}}