{"id":4159,"date":"2025-03-12T11:48:13","date_gmt":"2025-03-12T11:48:13","guid":{"rendered":"https:\/\/schwitzke.com\/generation-change-managing-director\/"},"modified":"2025-04-11T13:35:16","modified_gmt":"2025-04-11T13:35:16","slug":"generation-change-managing-director","status":"publish","type":"post","link":"https:\/\/schwitzke.com\/en\/generation-change-managing-director\/","title":{"rendered":"Generation change managing director"},"content":{"rendered":"<p>[et_pb_section fb_built=&#8221;1&#8243; _builder_version=&#8221;4.19.4&#8243; _module_preset=&#8221;default&#8221; global_colors_info=&#8221;{}&#8221; theme_builder_area=&#8221;post_content&#8221;][et_pb_row _builder_version=&#8221;4.19.4&#8243; _module_preset=&#8221;default&#8221; global_colors_info=&#8221;{}&#8221; theme_builder_area=&#8221;post_content&#8221;][et_pb_column type=&#8221;4_4&#8243; _builder_version=&#8221;4.19.4&#8243; _module_preset=&#8221;default&#8221; global_colors_info=&#8221;{}&#8221; theme_builder_area=&#8221;post_content&#8221;][sc_header_image image=&#8221;https:\/\/schwitzke.com\/wp-content\/uploads\/2025\/03\/IMG_3585_DL-XXXX.jpg&#8221; offset_bottom=&#8221;sm&#8221; _builder_version=&#8221;4.27.4&#8243; _module_preset=&#8221;default&#8221; hover_enabled=&#8221;0&#8243; global_colors_info=&#8221;{}&#8221; theme_builder_area=&#8221;post_content&#8221; alt=&#8221;zwei junge Gesch\u00e4ftsf\u00fchrer l\u00e4chelnd vor wei\u00dfget\u00fcnchtem Gem\u00e4uer im B\u00fcro&#8221; title_text=&#8221;IMG_3585_DL XXXX&#8221; sticky_enabled=&#8221;0&#8243;][\/sc_header_image][sc_headline variant=&#8221;large_with_date&#8221; headline=&#8221;Generation change at Schwitzke &amp; Partner: Lukas and David Schwitzke take over management&#8221; offset_top=&#8221;xs&#8221; offset_bottom=&#8221;sm&#8221; _builder_version=&#8221;4.27.4&#8243; _module_preset=&#8221;default&#8221; hover_enabled=&#8221;0&#8243; global_colors_info=&#8221;{}&#8221; theme_builder_area=&#8221;post_content&#8221; sticky_enabled=&#8221;0&#8243;][\/sc_headline][sc_headline variant=&#8221;subheadline&#8221; headline=&#8221;D\u00fcsseldorf, March 2025&#8243; offset_bottom=&#8221;sm&#8221; _builder_version=&#8221;4.27.0&#8243; _module_preset=&#8221;default&#8221; global_colors_info=&#8221;{}&#8221; theme_builder_area=&#8221;post_content&#8221;][\/sc_headline][sc_text variant=&#8221;text_and_image&#8221; image=&#8221;https:\/\/schwitzke.com\/wp-content\/uploads\/2025\/03\/BWichmann_07_19__DSC7321-scaled.jpg&#8221; _builder_version=&#8221;4.27.0&#8243; _module_preset=&#8221;default&#8221; global_colors_info=&#8221;{}&#8221; theme_builder_area=&#8221;post_content&#8221;]<\/p>\n<p><span><strong>A significant step for the future of our group: <\/strong>David and Lukas Schwitzke are taking over the dual leadership of Schwitzke &amp; Partner, succeeding Tina Jokisch and Marie Dorenz, who previously led the company together.<\/span><span><br \/><\/span><span><br \/><\/span><span>With their experience in architecture and design, David und Lukas are providing<\/span><span> new impetus for the company&#8217;s further development::<\/span><\/p>\n<p><span><strong>\ud83d\udd39David Schwitzke:<\/strong> <\/span><span>After studying architecture at the renowned Architectural Association School of Architecture in London, he gained valuable experience at Foster &amp; Partners and HPP Architekten. Prior to that, he worked as an architect and project and office manager at EuroAtlantic GmbH. Since October 2024, he has been part of the management team of the Schwitzke Group and is responsible for real estate development and client representation.  <\/span><\/p>\n<p><span>\ud83d\udd39<\/span><span class=\"white-space-pre\"><strong> Lukas Schwitzke:<\/strong> <\/span> <a class=\"FOWcDzkNhtTyFdOMWHlspkLNTxnKpY \" target=\"_self\" href=\"https:\/\/www.linkedin.com\/in\/ACoAABGnU0AB45zXO4qAKVB_wpxfELNJag5XlEo\" data-test-app-aware-link=\"\"><span><\/span><\/a><span>A communications designer with a degree from the Technical Art School in Berlin, he took over the successful communications agency in 2023 after various positions at Schwitzke ID and strengthened its presence in the virtual space with digital offerings. With his creative approach, he is shaping the design future of Schwitzke &amp; Partner. <\/span><span><br \/><\/span><span><\/span><\/p>\n<p><span><br \/><\/span><span>We are very excited about what is to come!<\/span><\/p>\n<p>[\/sc_text][sc_media_slider_parent offset_bottom=&#8221;md&#8221; _builder_version=&#8221;4.27.0&#8243; _module_preset=&#8221;default&#8221; global_colors_info=&#8221;{}&#8221; theme_builder_area=&#8221;post_content&#8221;][sc_media_slider_child label=&#8221;picture 1&#8243; image=&#8221;https:\/\/schwitzke.com\/wp-content\/uploads\/2023\/08\/Auswahl12-scaled.jpg&#8221; caption=&#8221;<\/p>\n<p><strong>Tadao Ando Campus Tower<\/strong><br \/>D\u00fcsseldorf<\/p>\n<p>&#8221; _builder_version=&#8221;4.27.0&#8243; _module_preset=&#8221;default&#8221; global_colors_info=&#8221;{}&#8221; theme_builder_area=&#8221;post_content&#8221;][\/sc_media_slider_child][sc_media_slider_child label=&#8221;picture 2&#8243; image=&#8221;https:\/\/schwitzke.com\/wp-content\/uploads\/2025\/02\/GRIDD-I-Duesseldorf-I-Jack-Kulcke-2022__JK_9168_c1-2-scaled.jpg&#8221; caption=&#8221;<\/p>\n<p><strong>GRIDD<\/strong><br \/>D\u00fcsseldorf<\/p>\n<p>&#8221; _builder_version=&#8221;4.27.0&#8243; _module_preset=&#8221;default&#8221; global_colors_info=&#8221;{}&#8221; theme_builder_area=&#8221;post_content&#8221;][\/sc_media_slider_child][sc_media_slider_child label=&#8221;picture 3&#8243; image=&#8221;https:\/\/schwitzke.com\/wp-content\/uploads\/2024\/10\/2024_Q4_REOPENING_STORE_COLOGNE41_bear-scaled.jpg&#8221; caption=&#8221;<\/p>\n<p><strong>Kapten &amp; Son<\/strong><br \/>Cologne<\/p>\n<p>&#8221; _builder_version=&#8221;4.27.0&#8243; _module_preset=&#8221;default&#8221; global_colors_info=&#8221;{}&#8221; theme_builder_area=&#8221;post_content&#8221;][\/sc_media_slider_child][\/sc_media_slider_parent][\/et_pb_column][\/et_pb_row][\/et_pb_section]<\/p>\n","protected":false},"excerpt":{"rendered":"<p><div class=\"et_pb_module sc_header_image sc_header_image_0\">\n\t\t\t\t\n\t\t\t\t\n\t\t\t\t\n\t\t\t\t\n\t\t\t\t\n\t\t\t\t\n\t\t\t\t<div class=\"et_pb_module_inner\">\n\t\t\t\t\t\n\t\t\t<div class=\"module module--fullwidth offset-top--no offset-bottom--sm\" data-aos=\"fade-in\">\n\t\t\t\t<div class=\"sc-header-image\">\n\t\t\t\t\t<div class=\"image\">\n\t\t\t\t\t\t<img width=\"1600\" height=\"1067\" src=\"https:\/\/schwitzke.com\/wp-content\/uploads\/2025\/03\/IMG_3585_DL-XXXX.jpg\" class=\"attachment-xxl size-xxl\" alt=\"\" srcset=\"https:\/\/schwitzke.com\/wp-content\/uploads\/2025\/03\/IMG_3585_DL-XXXX.jpg 1600w, https:\/\/schwitzke.com\/wp-content\/uploads\/2025\/03\/IMG_3585_DL-XXXX-1200x800.jpg 1200w, https:\/\/schwitzke.com\/wp-content\/uploads\/2025\/03\/IMG_3585_DL-XXXX-900x600.jpg 900w, https:\/\/schwitzke.com\/wp-content\/uploads\/2025\/03\/IMG_3585_DL-XXXX-600x400.jpg 600w, https:\/\/schwitzke.com\/wp-content\/uploads\/2025\/03\/IMG_3585_DL-XXXX-400x267.jpg 400w\" sizes=\"(max-width: 1600px) 100vw, 1600px\" decoding=\"async\" loading=\"lazy\" \/>\n\t\t\t\t\t\t\n\t\t\t\t\t<\/div>\n\t\t\t\t\t\n\t\t\t\t<\/div>\n\t\t\t<\/div>\n\t\t\t\t<\/div>\n\t\t\t<\/div><div class=\"et_pb_module sc_headline sc_headline_0\">\n\t\t\t\t\n\t\t\t\t\n\t\t\t\t\n\t\t\t\t\n\t\t\t\t\n\t\t\t\t\n\t\t\t\t<div class=\"et_pb_module_inner\">\n\t\t\t\t\t\n\t\t\t<div class=\"module module--boxed offset-top--xs offset-bottom--sm\" data-aos=\"fade-in\">\n\t\t\t\t<div class=\"sc-headline sc-headline--large_with_date\">\n\t\t\t\t\t\n\t\t\t\t\t<div class=\"headline__date\"><\/div>\n\t\t\t\t\t<h1 class=\"headline\">Generation change at Schwitzke &amp; Partner: Lukas and David Schwitzke take over management<\/h1>\n\t\t\t\t<\/div> \n\t\t\t<\/div>\n\t\t\t\t<\/div>\n\t\t\t<\/div><div class=\"et_pb_module sc_headline sc_headline_1\">\n\t\t\t\t\n\t\t\t\t\n\t\t\t\t\n\t\t\t\t\n\t\t\t\t\n\t\t\t\t\n\t\t\t\t<div class=\"et_pb_module_inner\">\n\t\t\t\t\t\n\t\t\t<div class=\"module module--boxed offset-top--no offset-bottom--sm\" data-aos=\"fade-in\">\n\t\t\t\t<div class=\"sc-headline sc-headline--subheadline\">\n\t\t\t\t\t<h3 class=\"headline\">D\u00fcsseldorf, March 2025<\/h3>\n\t\t\t\t<\/div> \n\t\t\t<\/div>\n\t\t\t\t<\/div>\n\t\t\t<\/div><div class=\"et_pb_module sc_text sc_text_0\">\n\t\t\t\t\n\t\t\t\t\n\t\t\t\t\n\t\t\t\t\n\t\t\t\t\n\t\t\t\t\n\t\t\t\t<div class=\"et_pb_module_inner\">\n\t\t\t\t\t\n\t\t\t<div class=\"module module--boxed offset-top--no offset-bottom--lg\" data-aos=\"fade-in\">\n\t\t\t\t<div class=\"sc-text sc-text--&#8221;text_and_image&#8221;\">\n\t\t\t\t\t<div class=\"module__content\"><\/div>\n\t\t\t\t<\/div>\n\t\t\t<\/div>\n\t\t\t\t<\/div>\n\t\t\t<\/div><\/p>\n","protected":false},"author":10,"featured_media":4225,"comment_status":"closed","ping_status":"closed","sticky":false,"template":"","format":"standard","meta":{"_et_pb_use_builder":"on","_et_pb_old_content":"","_et_gb_content_width":"","footnotes":""},"categories":[51,52,49,56,47,53,77,48,54,50],"tags":[],"class_list":["post-4159","post","type-post","status-publish","format-standard","has-post-thumbnail","hentry","category-buerowelten-en","category-corporate-en","category-gastronomie-en","category-health-fitness-en","category-internationale-marken-en","category-office-en","category-real-estate-development","category-retailer-en","category-shopping-center-en-2","category-shopping-center-en"],"yoast_head":"<!-- This site is optimized with the Yoast SEO plugin v27.5 - https:\/\/yoast.com\/product\/yoast-seo-wordpress\/ -->\n<title>Generation change managing director - Architekten, Designer und Generalunternehmer | Schwitzke<\/title>\n<meta name=\"description\" content=\"David and Lukas Schwitzke take over the management of Schwitzke &amp; Partner and strengthen the company with their experience in architecture and design.\" \/>\n<meta name=\"robots\" content=\"index, follow, max-snippet:-1, max-image-preview:large, max-video-preview:-1\" \/>\n<link rel=\"canonical\" href=\"https:\/\/schwitzke.com\/en\/generation-change-managing-director\/\" \/>\n<meta property=\"og:locale\" content=\"en_US\" \/>\n<meta property=\"og:type\" content=\"article\" \/>\n<meta property=\"og:title\" content=\"Generation change managing director - Architekten, Designer und Generalunternehmer | Schwitzke\" \/>\n<meta property=\"og:description\" content=\"David and Lukas Schwitzke take over the management of Schwitzke &amp; Partner and strengthen the company with their experience in architecture and design.\" \/>\n<meta property=\"og:url\" content=\"https:\/\/schwitzke.com\/en\/generation-change-managing-director\/\" \/>\n<meta property=\"og:site_name\" content=\"Architekten, Designer und Generalunternehmer | Schwitzke\" \/>\n<meta property=\"article:published_time\" content=\"2025-03-12T11:48:13+00:00\" \/>\n<meta property=\"article:modified_time\" content=\"2025-04-11T13:35:16+00:00\" \/>\n<meta property=\"og:image\" content=\"https:\/\/schwitzke.com\/wp-content\/uploads\/2025\/03\/IMG_3585_DL-XXXX.jpg\" \/>\n\t<meta property=\"og:image:width\" content=\"1600\" \/>\n\t<meta property=\"og:image:height\" content=\"1067\" \/>\n\t<meta property=\"og:image:type\" content=\"image\/jpeg\" \/>\n<meta name=\"author\" content=\"astridkaps\" \/>\n<meta name=\"twitter:card\" content=\"summary_large_image\" \/>\n<meta name=\"twitter:label1\" content=\"Written by\" \/>\n\t<meta name=\"twitter:data1\" content=\"astridkaps\" \/>\n\t<meta name=\"twitter:label2\" content=\"Est. reading time\" \/>\n\t<meta name=\"twitter:data2\" content=\"3 minutes\" \/>\n<script type=\"application\/ld+json\" class=\"yoast-schema-graph\">{\"@context\":\"https:\\\/\\\/schema.org\",\"@graph\":[{\"@type\":\"Article\",\"@id\":\"https:\\\/\\\/schwitzke.com\\\/en\\\/generation-change-managing-director\\\/#article\",\"isPartOf\":{\"@id\":\"https:\\\/\\\/schwitzke.com\\\/en\\\/generation-change-managing-director\\\/\"},\"author\":{\"name\":\"astridkaps\",\"@id\":\"https:\\\/\\\/schwitzke.com\\\/en\\\/#\\\/schema\\\/person\\\/7a2402ce884d83553b9ef8a7eea72780\"},\"headline\":\"Generation change managing director\",\"datePublished\":\"2025-03-12T11:48:13+00:00\",\"dateModified\":\"2025-04-11T13:35:16+00:00\",\"mainEntityOfPage\":{\"@id\":\"https:\\\/\\\/schwitzke.com\\\/en\\\/generation-change-managing-director\\\/\"},\"wordCount\":549,\"image\":{\"@id\":\"https:\\\/\\\/schwitzke.com\\\/en\\\/generation-change-managing-director\\\/#primaryimage\"},\"thumbnailUrl\":\"https:\\\/\\\/schwitzke.com\\\/wp-content\\\/uploads\\\/2025\\\/03\\\/IMG_3585_DL-XXXX.jpg\",\"articleSection\":[\"B\u00fcrowelten\",\"Corporate\",\"Gastronomie\",\"Health &amp; Fitness\",\"Internationale Marken\",\"Office\",\"Real estate development\",\"Retailer\",\"Shopping Center\",\"Shopping Center\"],\"inLanguage\":\"en-US\"},{\"@type\":\"WebPage\",\"@id\":\"https:\\\/\\\/schwitzke.com\\\/en\\\/generation-change-managing-director\\\/\",\"url\":\"https:\\\/\\\/schwitzke.com\\\/en\\\/generation-change-managing-director\\\/\",\"name\":\"Generation change managing director - Architekten, Designer und Generalunternehmer | Schwitzke\",\"isPartOf\":{\"@id\":\"https:\\\/\\\/schwitzke.com\\\/en\\\/#website\"},\"primaryImageOfPage\":{\"@id\":\"https:\\\/\\\/schwitzke.com\\\/en\\\/generation-change-managing-director\\\/#primaryimage\"},\"image\":{\"@id\":\"https:\\\/\\\/schwitzke.com\\\/en\\\/generation-change-managing-director\\\/#primaryimage\"},\"thumbnailUrl\":\"https:\\\/\\\/schwitzke.com\\\/wp-content\\\/uploads\\\/2025\\\/03\\\/IMG_3585_DL-XXXX.jpg\",\"datePublished\":\"2025-03-12T11:48:13+00:00\",\"dateModified\":\"2025-04-11T13:35:16+00:00\",\"author\":{\"@id\":\"https:\\\/\\\/schwitzke.com\\\/en\\\/#\\\/schema\\\/person\\\/7a2402ce884d83553b9ef8a7eea72780\"},\"description\":\"David and Lukas Schwitzke take over the management of Schwitzke & Partner and strengthen the company with their experience in architecture and design.\",\"breadcrumb\":{\"@id\":\"https:\\\/\\\/schwitzke.com\\\/en\\\/generation-change-managing-director\\\/#breadcrumb\"},\"inLanguage\":\"en-US\",\"potentialAction\":[{\"@type\":\"ReadAction\",\"target\":[\"https:\\\/\\\/schwitzke.com\\\/en\\\/generation-change-managing-director\\\/\"]}]},{\"@type\":\"ImageObject\",\"inLanguage\":\"en-US\",\"@id\":\"https:\\\/\\\/schwitzke.com\\\/en\\\/generation-change-managing-director\\\/#primaryimage\",\"url\":\"https:\\\/\\\/schwitzke.com\\\/wp-content\\\/uploads\\\/2025\\\/03\\\/IMG_3585_DL-XXXX.jpg\",\"contentUrl\":\"https:\\\/\\\/schwitzke.com\\\/wp-content\\\/uploads\\\/2025\\\/03\\\/IMG_3585_DL-XXXX.jpg\",\"width\":1600,\"height\":1067,\"caption\":\"zwei junge Gesch\u00e4ftsf\u00fchrer l\u00e4chelnd vor wei\u00dfget\u00fcnchtem Gem\u00e4uer im B\u00fcro\"},{\"@type\":\"BreadcrumbList\",\"@id\":\"https:\\\/\\\/schwitzke.com\\\/en\\\/generation-change-managing-director\\\/#breadcrumb\",\"itemListElement\":[{\"@type\":\"ListItem\",\"position\":1,\"name\":\"Startseite\",\"item\":\"https:\\\/\\\/schwitzke.com\\\/en\\\/\"},{\"@type\":\"ListItem\",\"position\":2,\"name\":\"Generation change managing director\"}]},{\"@type\":\"WebSite\",\"@id\":\"https:\\\/\\\/schwitzke.com\\\/en\\\/#website\",\"url\":\"https:\\\/\\\/schwitzke.com\\\/en\\\/\",\"name\":\"Architekten, Designer und Generalunternehmer | Schwitzke\",\"description\":\"\",\"potentialAction\":[{\"@type\":\"SearchAction\",\"target\":{\"@type\":\"EntryPoint\",\"urlTemplate\":\"https:\\\/\\\/schwitzke.com\\\/en\\\/?s={search_term_string}\"},\"query-input\":{\"@type\":\"PropertyValueSpecification\",\"valueRequired\":true,\"valueName\":\"search_term_string\"}}],\"inLanguage\":\"en-US\"},{\"@type\":\"Person\",\"@id\":\"https:\\\/\\\/schwitzke.com\\\/en\\\/#\\\/schema\\\/person\\\/7a2402ce884d83553b9ef8a7eea72780\",\"name\":\"astridkaps\",\"image\":{\"@type\":\"ImageObject\",\"inLanguage\":\"en-US\",\"@id\":\"https:\\\/\\\/secure.gravatar.com\\\/avatar\\\/ac720761211ffa0cf701c0019dbe216c7dde9b5e40b1d18b6774721af38720c0?s=96&d=mm&r=g\",\"url\":\"https:\\\/\\\/secure.gravatar.com\\\/avatar\\\/ac720761211ffa0cf701c0019dbe216c7dde9b5e40b1d18b6774721af38720c0?s=96&d=mm&r=g\",\"contentUrl\":\"https:\\\/\\\/secure.gravatar.com\\\/avatar\\\/ac720761211ffa0cf701c0019dbe216c7dde9b5e40b1d18b6774721af38720c0?s=96&d=mm&r=g\",\"caption\":\"astridkaps\"}}]}<\/script>\n<!-- \/ Yoast SEO plugin. -->","yoast_head_json":{"title":"Generation change managing director - Architekten, Designer und Generalunternehmer | Schwitzke","description":"David and Lukas Schwitzke take over the management of Schwitzke & Partner and strengthen the company with their experience in architecture and design.","robots":{"index":"index","follow":"follow","max-snippet":"max-snippet:-1","max-image-preview":"max-image-preview:large","max-video-preview":"max-video-preview:-1"},"canonical":"https:\/\/schwitzke.com\/en\/generation-change-managing-director\/","og_locale":"en_US","og_type":"article","og_title":"Generation change managing director - Architekten, Designer und Generalunternehmer | Schwitzke","og_description":"David and Lukas Schwitzke take over the management of Schwitzke & Partner and strengthen the company with their experience in architecture and design.","og_url":"https:\/\/schwitzke.com\/en\/generation-change-managing-director\/","og_site_name":"Architekten, Designer und Generalunternehmer | Schwitzke","article_published_time":"2025-03-12T11:48:13+00:00","article_modified_time":"2025-04-11T13:35:16+00:00","og_image":[{"width":1600,"height":1067,"url":"https:\/\/schwitzke.com\/wp-content\/uploads\/2025\/03\/IMG_3585_DL-XXXX.jpg","type":"image\/jpeg"}],"author":"astridkaps","twitter_card":"summary_large_image","twitter_misc":{"Written by":"astridkaps","Est. reading time":"3 minutes"},"schema":{"@context":"https:\/\/schema.org","@graph":[{"@type":"Article","@id":"https:\/\/schwitzke.com\/en\/generation-change-managing-director\/#article","isPartOf":{"@id":"https:\/\/schwitzke.com\/en\/generation-change-managing-director\/"},"author":{"name":"astridkaps","@id":"https:\/\/schwitzke.com\/en\/#\/schema\/person\/7a2402ce884d83553b9ef8a7eea72780"},"headline":"Generation change managing director","datePublished":"2025-03-12T11:48:13+00:00","dateModified":"2025-04-11T13:35:16+00:00","mainEntityOfPage":{"@id":"https:\/\/schwitzke.com\/en\/generation-change-managing-director\/"},"wordCount":549,"image":{"@id":"https:\/\/schwitzke.com\/en\/generation-change-managing-director\/#primaryimage"},"thumbnailUrl":"https:\/\/schwitzke.com\/wp-content\/uploads\/2025\/03\/IMG_3585_DL-XXXX.jpg","articleSection":["B\u00fcrowelten","Corporate","Gastronomie","Health &amp; Fitness","Internationale Marken","Office","Real estate development","Retailer","Shopping Center","Shopping Center"],"inLanguage":"en-US"},{"@type":"WebPage","@id":"https:\/\/schwitzke.com\/en\/generation-change-managing-director\/","url":"https:\/\/schwitzke.com\/en\/generation-change-managing-director\/","name":"Generation change managing director - Architekten, Designer und Generalunternehmer | Schwitzke","isPartOf":{"@id":"https:\/\/schwitzke.com\/en\/#website"},"primaryImageOfPage":{"@id":"https:\/\/schwitzke.com\/en\/generation-change-managing-director\/#primaryimage"},"image":{"@id":"https:\/\/schwitzke.com\/en\/generation-change-managing-director\/#primaryimage"},"thumbnailUrl":"https:\/\/schwitzke.com\/wp-content\/uploads\/2025\/03\/IMG_3585_DL-XXXX.jpg","datePublished":"2025-03-12T11:48:13+00:00","dateModified":"2025-04-11T13:35:16+00:00","author":{"@id":"https:\/\/schwitzke.com\/en\/#\/schema\/person\/7a2402ce884d83553b9ef8a7eea72780"},"description":"David and Lukas Schwitzke take over the management of Schwitzke & Partner and strengthen the company with their experience in architecture and design.","breadcrumb":{"@id":"https:\/\/schwitzke.com\/en\/generation-change-managing-director\/#breadcrumb"},"inLanguage":"en-US","potentialAction":[{"@type":"ReadAction","target":["https:\/\/schwitzke.com\/en\/generation-change-managing-director\/"]}]},{"@type":"ImageObject","inLanguage":"en-US","@id":"https:\/\/schwitzke.com\/en\/generation-change-managing-director\/#primaryimage","url":"https:\/\/schwitzke.com\/wp-content\/uploads\/2025\/03\/IMG_3585_DL-XXXX.jpg","contentUrl":"https:\/\/schwitzke.com\/wp-content\/uploads\/2025\/03\/IMG_3585_DL-XXXX.jpg","width":1600,"height":1067,"caption":"zwei junge Gesch\u00e4ftsf\u00fchrer l\u00e4chelnd vor wei\u00dfget\u00fcnchtem Gem\u00e4uer im B\u00fcro"},{"@type":"BreadcrumbList","@id":"https:\/\/schwitzke.com\/en\/generation-change-managing-director\/#breadcrumb","itemListElement":[{"@type":"ListItem","position":1,"name":"Startseite","item":"https:\/\/schwitzke.com\/en\/"},{"@type":"ListItem","position":2,"name":"Generation change managing director"}]},{"@type":"WebSite","@id":"https:\/\/schwitzke.com\/en\/#website","url":"https:\/\/schwitzke.com\/en\/","name":"Architekten, Designer und Generalunternehmer | Schwitzke","description":"","potentialAction":[{"@type":"SearchAction","target":{"@type":"EntryPoint","urlTemplate":"https:\/\/schwitzke.com\/en\/?s={search_term_string}"},"query-input":{"@type":"PropertyValueSpecification","valueRequired":true,"valueName":"search_term_string"}}],"inLanguage":"en-US"},{"@type":"Person","@id":"https:\/\/schwitzke.com\/en\/#\/schema\/person\/7a2402ce884d83553b9ef8a7eea72780","name":"astridkaps","image":{"@type":"ImageObject","inLanguage":"en-US","@id":"https:\/\/secure.gravatar.com\/avatar\/ac720761211ffa0cf701c0019dbe216c7dde9b5e40b1d18b6774721af38720c0?s=96&d=mm&r=g","url":"https:\/\/secure.gravatar.com\/avatar\/ac720761211ffa0cf701c0019dbe216c7dde9b5e40b1d18b6774721af38720c0?s=96&d=mm&r=g","contentUrl":"https:\/\/secure.gravatar.com\/avatar\/ac720761211ffa0cf701c0019dbe216c7dde9b5e40b1d18b6774721af38720c0?s=96&d=mm&r=g","caption":"astridkaps"}}]}},"_links":{"self":[{"href":"https:\/\/schwitzke.com\/en\/wp-json\/wp\/v2\/posts\/4159","targetHints":{"allow":["GET"]}}],"collection":[{"href":"https:\/\/schwitzke.com\/en\/wp-json\/wp\/v2\/posts"}],"about":[{"href":"https:\/\/schwitzke.com\/en\/wp-json\/wp\/v2\/types\/post"}],"author":[{"embeddable":true,"href":"https:\/\/schwitzke.com\/en\/wp-json\/wp\/v2\/users\/10"}],"replies":[{"embeddable":true,"href":"https:\/\/schwitzke.com\/en\/wp-json\/wp\/v2\/comments?post=4159"}],"version-history":[{"count":3,"href":"https:\/\/schwitzke.com\/en\/wp-json\/wp\/v2\/posts\/4159\/revisions"}],"predecessor-version":[{"id":4239,"href":"https:\/\/schwitzke.com\/en\/wp-json\/wp\/v2\/posts\/4159\/revisions\/4239"}],"wp:featuredmedia":[{"embeddable":true,"href":"https:\/\/schwitzke.com\/en\/wp-json\/wp\/v2\/media\/4225"}],"wp:attachment":[{"href":"https:\/\/schwitzke.com\/en\/wp-json\/wp\/v2\/media?parent=4159"}],"wp:term":[{"taxonomy":"category","embeddable":true,"href":"https:\/\/schwitzke.com\/en\/wp-json\/wp\/v2\/categories?post=4159"},{"taxonomy":"post_tag","embeddable":true,"href":"https:\/\/schwitzke.com\/en\/wp-json\/wp\/v2\/tags?post=4159"}],"curies":[{"name":"wp","href":"https:\/\/api.w.org\/{rel}","templated":true}]}}